{"id":618,"date":"2018-03-29T20:30:24","date_gmt":"2018-03-29T18:30:24","guid":{"rendered":"https:\/\/krolczasu.pl\/blog\/?p=618"},"modified":"2018-03-06T00:59:53","modified_gmt":"2018-03-05T23:59:53","slug":"motywujaca-moc-slowa-chce","status":"publish","type":"post","link":"https:\/\/krolczasu.pl\/blog\/motywujaca-moc-slowa-chce\/","title":{"rendered":"Motywuj\u0105ca moc s\u0142owa chc\u0119"},"content":{"rendered":"<p style=\"text-align: justify;\"><img loading=\"lazy\" class=\"aligncenter size-full wp-image-619\" src=\"https:\/\/krolczasu.pl\/blog\/wp-content\/uploads\/2018\/03\/chce.jpg\" alt=\"chc\u0119\" width=\"1280\" height=\"720\" srcset=\"https:\/\/krolczasu.pl\/blog\/wp-content\/uploads\/2018\/03\/chce.jpg 1280w, https:\/\/krolczasu.pl\/blog\/wp-content\/uploads\/2018\/03\/chce-300x169.jpg 300w, https:\/\/krolczasu.pl\/blog\/wp-content\/uploads\/2018\/03\/chce-768x432.jpg 768w, https:\/\/krolczasu.pl\/blog\/wp-content\/uploads\/2018\/03\/chce-1024x576.jpg 1024w\" sizes=\"(max-width: 1280px) 100vw, 1280px\" \/><\/p>\n<p style=\"text-align: justify;\">Jak cz\u0119sto u\u017cywasz w my\u015blach s\u0142owa \u201echc\u0119\u201d? Kto\u015b m\u0105dry kiedy\u015b ostrzeg\u0142: \u201eUwa\u017caj na swoje my\u015bli, bo staj\u0105 si\u0119 s\u0142owami. Uwa\u017caj na swoje s\u0142owa, staj\u0105 si\u0119 czynami. Uwa\u017caj na swoje czyny, staj\u0105 si\u0119 nawykami. Uwa\u017caj na swoje nawyki, staj\u0105 si\u0119 charakterem. Uwa\u017caj na sw\u00f3j charakter, on staje si\u0119 twoim losem\u201d.<!--more--><\/p>\n<p style=\"text-align: justify;\">W wi\u0119kszo\u015bci codziennych sytuacji my\u015blimy s\u0142owami. Nawet je\u015bli w naszej g\u0142owie przesuwaj\u0105 si\u0119 kolorowe, ruchome obrazy dla ich opisania potrzebujemy j\u0119zyka. Wypowiadane w my\u015blach czasowniki decyduj\u0105 o tym z jakim nastawieniem bierzemy si\u0119 do pracy. U\u017cywaj\u0105c niekt\u00f3rych z nich rzucamy sobie k\u0142ody pod nogi i przedwcze\u015bnie wyczerpujemy rezerwy silnej woli.<\/p>\n<h2>Magia czasownik\u00f3w<\/h2>\n<p style=\"text-align: justify;\">\nMy\u015bl\u0105c o przydzielonych sobie zadaniach z regu\u0142y u\u017cywamy kilku czasownik\u00f3w w formie osobowej i operator\u00f3w modalnych. Najcz\u0119\u015bciej s\u0105 to s\u0142owa &#8220;musz\u0119&#8221;, chc\u0119&#8221;, &#8220;powinienem&#8221;, &#8220;Nale\u017cy&#8221;, &#8220;warto&#8221;, &#8220;trzeba&#8221;. Na chwil\u0119 oderwij si\u0119 od tekstu i pomy\u015bl o jakimkolwiek celu. A potem jak na lekcji j\u0119zyka obcego z wykorzystaniem ka\u017cdego z tych czasownik\u00f3w zbuduj zdania na jego temat. Przyjrzyj si\u0119 swoim uczuciom i motywacji. Wnioski mog\u0105 by\u0107 pouczaj\u0105ce. Zobacz jak zmienia si\u0119 znaczenie i kontekst sytuacyjny<\/p>\n<p>a)Chc\u0119 kupi\u0107 Agnieszce kwiaty.<br \/>\nb)Musz\u0119 kupi\u0107 Agnieszce kwiaty.<br \/>\nc) Nale\u017cy kupi\u0107 Agnieszce kwiaty.<br \/>\nd)Warto kupi\u0107 Agnieszce kwiaty.<br \/>\ne)Powinienem kupi\u0107 Agnieszce kwiaty.<\/p>\n<p style=\"text-align: justify;\">Za ka\u017cdym razem cel jest taki sam. Wyobra\u017amy sobie pi\u0119\u0107 r\u00f3\u017cnych os\u00f3b wypowiadaj\u0105cych to samo zdanie. Kt\u00f3ra z nich: A, B, C, D, czy E z rado\u015bci\u0105 pobiegnie do kwiaciarni?<\/p>\n<p style=\"text-align: justify;\">Zapomnijmy o Agnieszce i jej bukiecie i wyobra\u017amy sobie w\u0142asn\u0105, niezbyt czyst\u0105 \u0142azienk\u0119:<br \/>\na) Chc\u0119 posprz\u0105ta\u0107.<br \/>\nb) Musz\u0119 posprz\u0105ta\u0107,<br \/>\nc)Nale\u017cy posprz\u0105ta\u0107,<br \/>\nd)Warto posprz\u0105ta\u0107.<br \/>\ne) Powinienem posprz\u0105ta\u0107.<\/p>\n<p style=\"text-align: justify;\">Ka\u017cdy z tych czasownik\u00f3w inaczej oddzia\u0142uje na motywacj\u0119. S\u0142owo &#8220;musz\u0119&#8221; wywo\u0142uje najwi\u0119kszy sprzeciw. Nie lubimy &#8220;musie\u0107&#8221;, przymus kojarzy si\u0119 z nieprzyjemnymi, bolesnymi, nudnymi rzeczami, naginaniem si\u0119 do cudzej woli i dzia\u0142aniem wbrew sobie. Operatory &#8220;nale\u017cy&#8221;, &#8220;warto&#8221; powinienem powoduj\u0105 ju\u017c mniejsz\u0105 niech\u0119\u0107, jednak impuls do dzia\u0142ania wyzwala jedynie czasownik &#8220;chcie\u0107&#8221;.<\/p>\n<h2 style=\"text-align: center;\">Motywuj\u0105ca moc s\u0142owa \u201echc\u0119\u201d<\/h2>\n<p style=\"text-align: justify;\">\nJak lubi\u0142a powtarza\u0107 moja nauczycielka j\u0119zyka polskiego; &#8220;Chcia\u0142bym nic nie znaczy, dopiero chc\u0119 ma moc sprawcz\u0105&#8221;. S\u0142owo to odwo\u0142uje si\u0119 do naszych pragnie\u0144, ch\u0119ci, marze\u0144 i wywo\u0142uje ca\u0142\u0105 gam\u0119 pozytywnych odczu\u0107. Chcemy zje\u015b\u0107 kolejny kawa\u0142ek czekolady, po raz setny ods\u0142ucha\u0107 ulubionej piosenki, powyg\u0142upia\u0107 si\u0119 z kumplem i um\u00f3wi\u0107 si\u0119 z atrakcyjn\u0105 nieznajom\u0105. Chcemy zrobi\u0107 co\u015b mi\u0142ego dla najwa\u017cniejszych os\u00f3b w naszym \u017cyciu, szczyci\u0107 si\u0119 swoimi osi\u0105gni\u0119ciami, p\u0142awi\u0107 si\u0119 w blasku sukcesu.<\/p>\n<p style=\"text-align: justify;\">Wi\u0119kszo\u015b\u0107 technik motywacyjnych polega na wyobra\u017caniu sobie tej upojnej chwili, gdy praca zosta\u0142a ju\u017c wykonana. Oczyma wyobra\u017ani widzimy siebie jak przekraczamy lini\u0119 mety po przebiegni\u0119ciu maratonu, natomiast skrz\u0119tnie pomijamy ten fragment z zakwasami. Nic w tym z\u0142ego, ale cz\u0119\u015b\u0107 pozytywnej energii &#8220;chciejstwa&#8221; mo\u017cna przenie\u015b\u0107 na przyziemne czynno\u015bci dnia codziennego. Wielokrotnie przekona\u0142em si\u0119, \u017ce lepiej mi si\u0119 pisz\u0119, gdy s\u0142owo &#8220;musz\u0119&#8221; zast\u0119puj\u0119 &#8220;chc\u0119&#8221;. Kiedy uznam, \u017ce musz\u0119 i\u015b\u0107 na trening momentalnie mi si\u0119 odechciewa, kiedy przed samym sob\u0105 twierdz\u0119, \u017ce chc\u0119 pobiega\u0107 bezwiednie zaczynam tak organizowa\u0107 czas, by sp\u0119dzi\u0107 na \u0107wiczeniach chocia\u017c dwie minuty d\u0142u\u017cej.<\/p>\n<h2 style=\"text-align: center;\">Samooszukiwanie si\u0119 nie dzia\u0142a<\/h2>\n<p style=\"text-align: justify;\">Motywacja zyskana dzi\u0119ki &#8220;chc\u0119&#8221; nie jest cudown\u0105 recept\u0105 na sukces. Technika zamiany &#8220;musz\u0119&#8221; na &#8220;chc\u0119&#8221; ma swoje ograniczenia. Przede wszystkim nie dzia\u0142a wobec rzeczy, kt\u00f3rych ewidentnie nie lubi\u0119. Wielokrotnie przyznawa\u0142em si\u0119 do niech\u0119ci do porz\u0105dkowania przestrzeni. Za ka\u017cdym razem, gdy wmawia\u0142em sobie, \u017ce &#8220;Chc\u0119 posprz\u0105ta\u0107&#8221; czu\u0142em si\u0119 jak kiepski aktor zapominaj\u0105cy roli w marnej sztuce. Wymy\u015bli\u0142em spos\u00f3b, \u017ceby to obej\u015b\u0107.<\/p>\n<p style=\"text-align: justify;\">Po pierwsze nie u\u017cywa\u0107 s\u0142owa &#8220;sprz\u0105tanie&#8221;. Nie wiem dlaczego tak mnie ono boli, ale &#8220;ogarnianie mieszkania&#8221;, &#8220;uk\u0142adanie&#8221;, &#8220;odkurzanie&#8221; nie budz\u0105 ju\u017c takiej niech\u0119ci. Po drugie przesuni\u0119cie akcent\u00f3w. Nigdy nie uwierzy\u0142bym sobie, \u017ce chc\u0119 posprz\u0105ta\u0107 \u0142azienk\u0119, ale pragnienie posiadania czystej \u0142azienki to ju\u017c zupe\u0142nie co innego. Ja przecie\u017c naprawd\u0119 chc\u0119, \u017ceby tam l\u015bni\u0142o jak na reklamie dowolnego \u015brodka czyszcz\u0105cego. Wniosek nasuwa si\u0119 sam. M\u00f3wi\u0119 sobie &#8220;Chc\u0119 mie\u0107 b\u0142yszcz\u0105c\u0105 \u0142azienk\u0119&#8221; i id\u0119 po \u015bcierki do czyszczenia. Nie jestem przecie\u017c dzieckiem, wiem,\u017ce samo si\u0119 nie zrobi.<\/p>\n<p style=\"text-align: justify;\">Technika jest dziecinnie prosta, ale do\u015b\u0107 skuteczna. Nie dzia\u0142a za ka\u017cdym razem. My\u015bl musi niejako naturalnie pojawi\u0107 si\u0119 w g\u0142owie. Na pocz\u0105tku czu\u0142em si\u0119 jak idiota sam sobie robi\u0105cy pranie m\u00f3zgu, ale po jakim\u015b czasie przeformu\u0142owywanie podsuwanych przez umys\u0142 komunikat\u00f3w przychodzi naturalnie. Jednak trzeba nastawi\u0107 si\u0119 na pewien okres przystosowawczy, w kt\u00f3rym b\u0119dzie doskwiera\u0142o poczucie \u015bmieszno\u015bci i absurdalno\u015bci ca\u0142ej sytuacji. Na szcz\u0119\u015bcie nic nie trzeba m\u00f3wi\u0107 na g\u0142os.<\/p>\n<h2 style=\"text-align: center;\">Dlaczego warto przeformu\u0142owa\u0107 my\u015bli?<\/h2>\n<p style=\"text-align: justify;\">\nNasze przekonania maj\u0105 wp\u0142ywa na postawy \u017cyciowe i dzia\u0142ania. Zanim zaczniemy wielk\u0105 prac\u0119 nad sob\u0105 po\u0107wiczmy na drobiazgach. Drobna zmiana my\u015blenia nie boli, a mo\u017ce przyda\u0107 si\u0119 w formowaniu nawyk\u00f3w, odzwyczajeniu si\u0119 od poprzednich przyzwyczaje\u0144 i zmaganiach z szarzyzn\u0105 codzienno\u015bci. Wi\u0119cej mi\u0142ych rzeczy spotyka cz\u0142owieka, kt\u00f3ry &#8220;chce&#8221;.<\/p>\n<p style=\"text-align: justify;\">Praca wykonywana z przyjemno\u015bci\u0105 zwykle cechuje si\u0119 dobr\u0105 jako\u015bci\u0105. Szybciej si\u0119 te\u017c uczymy, je\u017celi kieruje nami pragnienie wiedzy, a nie tylko ch\u0119\u0107 zaliczenia. I wiecie co? Zawsze wiedzia\u0142em, \u017ce nale\u017cy kupowa\u0107 kobietom kwiaty, ale od kiedy przesta\u0142em uwa\u017ca\u0107 je za okazjonaln\u0105 danin\u0119 na walentynki lub Dzie\u0144 Kobiet moja dziewczyna cz\u0119\u015bciej si\u0119 u\u015bmiecha. A ja naprawd\u0119 mam ochot\u0119 je dawa\u0107.<\/p>\n","protected":false},"excerpt":{"rendered":"<p>Jak cz\u0119sto u\u017cywasz w my\u015blach s\u0142owa \u201echc\u0119\u201d? Kto\u015b m\u0105dry kiedy\u015b ostrzeg\u0142: \u201eUwa\u017caj na swoje my\u015bli, bo staj\u0105 si\u0119 s\u0142owami. Uwa\u017caj na swoje s\u0142owa, staj\u0105 si\u0119 czynami. Uwa\u017caj na swoje czyny, staj\u0105 si\u0119 nawykami. Uwa\u017caj na swoje nawyki, staj\u0105 si\u0119 charakterem.<\/p>\n","protected":false},"author":2,"featured_media":619,"comment_status":"open","ping_status":"open","sticky":false,"template":"","format":"standard","meta":{"_monsterinsights_skip_tracking":false,"_monsterinsights_sitenote_active":false,"_monsterinsights_sitenote_note":"","_monsterinsights_sitenote_category":0},"categories":[5],"tags":[],"yoast_head":"<!-- This site is optimized with the Yoast SEO plugin v16.0.2 - https:\/\/yoast.com\/wordpress\/plugins\/seo\/ -->\n<title>Motywuj\u0105ca moc s\u0142owa chc\u0119 | Kr\u00f3l Czasu<\/title>\n<meta name=\"robots\" content=\"index, follow, max-snippet:-1, max-image-preview:large, max-video-preview:-1\" \/>\n<link rel=\"canonical\" href=\"https:\/\/krolczasu.pl\/blog\/motywujaca-moc-slowa-chce\/\" \/>\n<meta property=\"og:locale\" content=\"pl_PL\" \/>\n<meta property=\"og:type\" content=\"article\" \/>\n<meta property=\"og:title\" content=\"Motywuj\u0105ca moc s\u0142owa chc\u0119 | Kr\u00f3l Czasu\" \/>\n<meta property=\"og:description\" content=\"Jak cz\u0119sto u\u017cywasz w my\u015blach s\u0142owa \u201echc\u0119\u201d? Kto\u015b m\u0105dry kiedy\u015b ostrzeg\u0142: \u201eUwa\u017caj na swoje my\u015bli, bo staj\u0105 si\u0119 s\u0142owami. Uwa\u017caj na swoje s\u0142owa, staj\u0105 si\u0119 czynami. Uwa\u017caj na swoje czyny, staj\u0105 si\u0119 nawykami. Uwa\u017caj na swoje nawyki, staj\u0105 si\u0119 charakterem.\" \/>\n<meta property=\"og:url\" content=\"https:\/\/krolczasu.pl\/blog\/motywujaca-moc-slowa-chce\/\" \/>\n<meta property=\"og:site_name\" content=\"Planowanie \u017cycia i zarz\u0105dzanie czasem\" \/>\n<meta property=\"article:published_time\" content=\"2018-03-29T18:30:24+00:00\" \/>\n<meta property=\"article:modified_time\" content=\"2018-03-05T23:59:53+00:00\" \/>\n<meta property=\"og:image\" content=\"https:\/\/krolczasu.pl\/blog\/wp-content\/uploads\/2018\/03\/chce.jpg\" \/>\n\t<meta property=\"og:image:width\" content=\"1280\" \/>\n\t<meta property=\"og:image:height\" content=\"720\" \/>\n<meta name=\"twitter:card\" content=\"summary\" \/>\n<meta name=\"twitter:label1\" content=\"Szacowany czas czytania\">\n\t<meta name=\"twitter:data1\" content=\"5 minut\">\n<script type=\"application\/ld+json\" class=\"yoast-schema-graph\">{\"@context\":\"https:\/\/schema.org\",\"@graph\":[{\"@type\":\"WebSite\",\"@id\":\"https:\/\/krolczasu.pl\/blog\/#website\",\"url\":\"https:\/\/krolczasu.pl\/blog\/\",\"name\":\"Planowanie \\u017cycia i zarz\\u0105dzanie czasem\",\"description\":\"Metody planowania i organizacji czasu.\",\"potentialAction\":[{\"@type\":\"SearchAction\",\"target\":\"https:\/\/krolczasu.pl\/blog\/?s={search_term_string}\",\"query-input\":\"required name=search_term_string\"}],\"inLanguage\":\"pl-PL\"},{\"@type\":\"ImageObject\",\"@id\":\"https:\/\/krolczasu.pl\/blog\/motywujaca-moc-slowa-chce\/#primaryimage\",\"inLanguage\":\"pl-PL\",\"url\":\"https:\/\/krolczasu.pl\/blog\/wp-content\/uploads\/2018\/03\/chce.jpg\",\"width\":1280,\"height\":720,\"caption\":\"chc\\u0119\"},{\"@type\":\"WebPage\",\"@id\":\"https:\/\/krolczasu.pl\/blog\/motywujaca-moc-slowa-chce\/#webpage\",\"url\":\"https:\/\/krolczasu.pl\/blog\/motywujaca-moc-slowa-chce\/\",\"name\":\"Motywuj\\u0105ca moc s\\u0142owa chc\\u0119 | Kr\\u00f3l Czasu\",\"isPartOf\":{\"@id\":\"https:\/\/krolczasu.pl\/blog\/#website\"},\"primaryImageOfPage\":{\"@id\":\"https:\/\/krolczasu.pl\/blog\/motywujaca-moc-slowa-chce\/#primaryimage\"},\"datePublished\":\"2018-03-29T18:30:24+00:00\",\"dateModified\":\"2018-03-05T23:59:53+00:00\",\"author\":{\"@id\":\"https:\/\/krolczasu.pl\/blog\/#\/schema\/person\/1bf4d837064585634f1242c98cd8f8c1\"},\"breadcrumb\":{\"@id\":\"https:\/\/krolczasu.pl\/blog\/motywujaca-moc-slowa-chce\/#breadcrumb\"},\"inLanguage\":\"pl-PL\",\"potentialAction\":[{\"@type\":\"ReadAction\",\"target\":[\"https:\/\/krolczasu.pl\/blog\/motywujaca-moc-slowa-chce\/\"]}]},{\"@type\":\"BreadcrumbList\",\"@id\":\"https:\/\/krolczasu.pl\/blog\/motywujaca-moc-slowa-chce\/#breadcrumb\",\"itemListElement\":[{\"@type\":\"ListItem\",\"position\":1,\"item\":{\"@type\":\"WebPage\",\"@id\":\"https:\/\/krolczasu.pl\/blog\/\",\"url\":\"https:\/\/krolczasu.pl\/blog\/\",\"name\":\"Strona g\\u0142\\u00f3wna\"}},{\"@type\":\"ListItem\",\"position\":2,\"item\":{\"@type\":\"WebPage\",\"@id\":\"https:\/\/krolczasu.pl\/blog\/motywujaca-moc-slowa-chce\/\",\"url\":\"https:\/\/krolczasu.pl\/blog\/motywujaca-moc-slowa-chce\/\",\"name\":\"Motywuj\\u0105ca moc s\\u0142owa chc\\u0119\"}}]},{\"@type\":\"Person\",\"@id\":\"https:\/\/krolczasu.pl\/blog\/#\/schema\/person\/1bf4d837064585634f1242c98cd8f8c1\",\"name\":\"krol\",\"image\":{\"@type\":\"ImageObject\",\"@id\":\"https:\/\/krolczasu.pl\/blog\/#personlogo\",\"inLanguage\":\"pl-PL\",\"url\":\"https:\/\/secure.gravatar.com\/avatar\/452a24a1458c17b4418d07ce93dadb99?s=96&d=mm&r=g\",\"caption\":\"krol\"}}]}<\/script>\n<!-- \/ Yoast SEO plugin. -->","_links":{"self":[{"href":"https:\/\/krolczasu.pl\/blog\/wp-json\/wp\/v2\/posts\/618"}],"collection":[{"href":"https:\/\/krolczasu.pl\/blog\/wp-json\/wp\/v2\/posts"}],"about":[{"href":"https:\/\/krolczasu.pl\/blog\/wp-json\/wp\/v2\/types\/post"}],"author":[{"embeddable":true,"href":"https:\/\/krolczasu.pl\/blog\/wp-json\/wp\/v2\/users\/2"}],"replies":[{"embeddable":true,"href":"https:\/\/krolczasu.pl\/blog\/wp-json\/wp\/v2\/comments?post=618"}],"version-history":[{"count":1,"href":"https:\/\/krolczasu.pl\/blog\/wp-json\/wp\/v2\/posts\/618\/revisions"}],"predecessor-version":[{"id":620,"href":"https:\/\/krolczasu.pl\/blog\/wp-json\/wp\/v2\/posts\/618\/revisions\/620"}],"wp:featuredmedia":[{"embeddable":true,"href":"https:\/\/krolczasu.pl\/blog\/wp-json\/wp\/v2\/media\/619"}],"wp:attachment":[{"href":"https:\/\/krolczasu.pl\/blog\/wp-json\/wp\/v2\/media?parent=618"}],"wp:term":[{"taxonomy":"category","embeddable":true,"href":"https:\/\/krolczasu.pl\/blog\/wp-json\/wp\/v2\/categories?post=618"},{"taxonomy":"post_tag","embeddable":true,"href":"https:\/\/krolczasu.pl\/blog\/wp-json\/wp\/v2\/tags?post=618"}],"curies":[{"name":"wp","href":"https:\/\/api.w.org\/{rel}","templated":true}]}}