{"id":851,"date":"2018-12-17T20:30:04","date_gmt":"2018-12-17T19:30:04","guid":{"rendered":"https:\/\/krolczasu.pl\/blog\/?p=851"},"modified":"2018-12-13T16:07:03","modified_gmt":"2018-12-13T15:07:03","slug":"winter-is-coming-zimowa-depresja","status":"publish","type":"post","link":"https:\/\/krolczasu.pl\/blog\/winter-is-coming-zimowa-depresja\/","title":{"rendered":"Winter is coming &#8211; zimowa depresja"},"content":{"rendered":"<p style=\"text-align: justify;\"><img loading=\"lazy\" class=\"aligncenter size-full wp-image-852\" src=\"https:\/\/krolczasu.pl\/blog\/wp-content\/uploads\/2018\/12\/zimowa-depresja.jpg\" alt=\"zimowa depresja\" width=\"1280\" height=\"720\" srcset=\"https:\/\/krolczasu.pl\/blog\/wp-content\/uploads\/2018\/12\/zimowa-depresja.jpg 1280w, https:\/\/krolczasu.pl\/blog\/wp-content\/uploads\/2018\/12\/zimowa-depresja-300x169.jpg 300w, https:\/\/krolczasu.pl\/blog\/wp-content\/uploads\/2018\/12\/zimowa-depresja-768x432.jpg 768w, https:\/\/krolczasu.pl\/blog\/wp-content\/uploads\/2018\/12\/zimowa-depresja-1024x576.jpg 1024w\" sizes=\"(max-width: 1280px) 100vw, 1280px\" \/><\/p>\n<p style=\"text-align: justify;\">W listopadzie i grudniu, gdy przybiera barw\u0119 o\u0142owiu, a z komin\u00f3w wydobywa si\u0119 gryz\u0105cy dym ze wszystkich stron atakuje mnie smutek istnienia. Klasyczny, ksi\u0105\u017ckowy Weltschmerz: nic mi si\u0119 nie chce, wszystko jest bez sensu, gdybym m\u00f3g\u0142 ca\u0142ymi dniami ogl\u0105da\u0142bym reprodukcje obraz\u00f3w Beksi\u0144skiego, s\u0142ucha\u0142 smutnej muzyki, opychal si\u0119 czekolad\u0105 i inne niezdrowymi przek\u0105skami.<!--more--><\/p>\n<p style=\"text-align: justify;\">Po Bo\u017cym Narodzeniu, gdy dni si\u0119 wyd\u0142u\u017caj\u0105, a po niebie nie\u015bmia\u0142o przesuwa si\u0119 blade s\u0142oneczko, stopniowo \u017cycie odzyskuje pogodne barwy. Na wp\u00f3\u0142 serio ten stan nazwa\u0142em zimow\u0105 depresj\u0105. Ku swojemu zdziwieniu dowiedzia\u0142em si\u0119, \u017ce takie zjawisko naprawd\u0119 istnieje. Na szcz\u0119\u015bcie ja sam cierpi\u0119 co najwy\u017cej na niezbyt uci\u0105\u017cliw\u0105 cykliczn\u0105 sezonow\u0105 chandr\u0119, ale u wielu os\u00f3b winter blues przybiera posta\u0107 klasycznej depresji.<\/p>\n<h2 style=\"text-align: center;\">Czym jest zimowa depresja<\/h2>\n<p style=\"text-align: justify;\">Zimowa depresja, nazywana te\u017c winter blues, czy te\u017c bardziej fachowo SAD (Seasonal Affective Disorder) to coraz cz\u0119stsza dolegliwo\u015b\u0107 w krajach rozwini\u0119tych. Schorzenie to najcz\u0119\u015bciej dotyka kobiety, ale wyst\u0119puje te\u017c u m\u0119\u017cczyzn. Ofiary odczuwaj\u0105 wszystkie klasyczne objawy depresji: pogorszenie si\u0119 nastroju, apati\u0119, brak energii, rozdra\u017cnienie, czarne my\u015bli, problemy z koncentracj\u0105, b\u00f3le mi\u0119\u015bni i inne symptomy psychosomatyczne, zaburzenia apetytu oraz obni\u017cenie libido. Okre\u015blenie &#8220;sezonowa&#8221; wcale nie gwarantuje, \u017ce wraz nadej\u015bciem wiosny smutek minie. Gdy \u017cycie staje si\u0119 nie do zniesienia lepiej skonsultowa\u0107 si\u0119 ze specjalist\u0105. Jednak gdy mamy do czynienia tylko ze zwyk\u0142\u0105 chandr\u0105 \u0142atwo mo\u017cna sobie pom\u00f3c.<\/p>\n<h2 style=\"text-align: center;\">Przyczyny zimowej depresji<\/h2>\n<p style=\"text-align: justify;\">Sezonowe pogorszenie nastroju zwi\u0105zane jest z niedoborem \u015bwiat\u0142a s\u0142onecznego. Zim\u0105 dochodzi do nas trzy razy mniej promieni s\u0142onecznych ni\u017c latem. Potocznie m\u00f3wi\u0105c s\u0142o\u0144ce \u015bwieci s\u0142abiej, a nasze organizmy natychmiast reaguj\u0105 na zmian\u0119 warunk\u00f3w. Niedob\u00f3r \u015bwiat\u0142a wp\u0142ywa na funkcjonowanie gruczo\u0142\u00f3w dokrewnych W pierwszej kolejno\u015bci rozregulowuje funkcjonowanie szyszynki odpowiedzialnej za produkcj\u0119 melatoniny.<\/p>\n<p style=\"text-align: justify;\">Hormon snu reguluje dobowy rytm spoczynku i czuwania, nieprawid\u0142owo\u015bci w jego wydzielaniu skutkuj\u0105 senno\u015bci\u0105, brakiem energii, uczuciem oci\u0119\u017ca\u0142o\u015bci. Niebieskie \u015bwiat\u0142o od monitor\u00f3w urz\u0105dze\u0144 elektronicznych, nieregularne pory snu i czuwania, chroniczne niewyspanie dodatkowo nasilaj\u0105 problemy ze snem. Spraw\u0119 pogarsza niedob\u00f3r serotoniny. Poziom produkcji hormonu szcz\u0119\u015bcia w du\u017cej mierze zale\u017cy od ilo\u015bci \u015bwiat\u0142a s\u0142onecznego, dlatego zasnute chmurami niebo dla wielu os\u00f3b oznacza spadek nastroju. Chc\u0105c poprawi\u0107 sobie humor si\u0119gamy po s\u0142odycze i niezdrowe przek\u0105ski, a z\u0142a dieta i brak ruchu zaostrzaj\u0105 symptomy winter blues.<\/p>\n<p style=\"text-align: justify;\">Zim\u0105 naturalnie zmniejsza si\u0119 tempo przemiany materii, organizm dopomina si\u0119 o wi\u0119cej odpoczynku, przed rewolucj\u0105 przemys\u0142ow\u0105, zgodnie z naturalnym rytmem, ta pora roku by\u0142a czasem wytchnienia. Rozregulowanie naturalnego cyklu dobowego, przeci\u0105\u017cenie obowi\u0105zkami , niezdrowy tryb \u017cycia w po\u0142\u0105czeniu z niedoborem \u015bwiat\u0142a s\u0142onecznegocykliczne obni\u017cenie si\u0119 poziom\u00f3w serotoniny i melatoniny zamieniaj\u0105 w powa\u017cny problem zdrowotny.<\/p>\n<h2 style=\"text-align: center;\">Jak sobie pom\u00f3c<\/h2>\n<p style=\"text-align: justify;\">Sposob\u00f3w leczenia zimowej depresji jest mn\u00f3stwo: od picia zi\u00f3\u0142 po urlop w ciep\u0142ych krajach. Wi\u0119kszo\u015b\u0107 strategii sprowadza si\u0119 do jednego- dostarczy\u0107 organizmowi \u015bwiat\u0142a. Najpro\u015bciej by\u0142oby przenie\u015b\u0107 si\u0119 na po\u0142udniow\u0105 p\u00f3\u0142kul\u0119, ale nawet zostaj\u0105c w ciemnej Polsce mo\u017cemy zrobi\u0107 co\u015b dla poprawy swego samopoczucia.<\/p>\n<h2 style=\"text-align: center;\">Krok pierwszy &#8211; szukaj \u015bwiat\u0142a<\/h2>\n<p style=\"text-align: justify;\">Przede wszystkim walczmy z ciemno\u015bci\u0105. Zim\u0105 tym bardziej nie powinni\u015bmy zaniedbywa\u0107 codziennych spacer\u00f3w. Najlepiej by\u0142oby maszerowa\u0107 chocia\u017c przez godzin\u0119 dziennie. P\u00f3\u0142godzinna przechadzka do pracy i do pracy potrafi\u0105 zdzia\u0142a\u0107 cuda dla samopoczucia. Chmury nie s\u0105 \u017cadnym wyt\u0142umaczeniem- nawet niewielka ilo\u015b\u0107 naturalnego \u015bwiat\u0142a poprawia nastr\u00f3j, mo\u017cna te\u017c wybra\u0107 si\u0119 do solarium lub skorzysta\u0107 z na\u015bwietla\u0144 specjalnymi lampami fotonowymi. Jako zdeklarowany zwolennik prostych rozwi\u0105za\u0144 radz\u0119 ustawi\u0107 biurko przy oknie, by jak najd\u0142u\u017cej pracowa\u0107 przy dziennym \u015bwietle i nie zas\u0142ania\u0107 szyb \u017cadnymi roletami ani zas\u0142onami. Pom\u00f3c mo\u017ce wymiana \u017car\u00f3wek na mocniejsze.<\/p>\n<h2 style=\"text-align: center;\">Krok drugi &#8211; ruszaj si\u0119 i produkuj endorfiny<\/h2>\n<p style=\"text-align: justify;\">Pogorszeniu si\u0119 nastroju mo\u017cna zapobiega\u0107 zwi\u0119kszaj\u0105c wydzielanie endorfin. Jak wiadomo, wydzielaj\u0105 si\u0119 one podczas uprawiania sportu, zatem ruszaj si\u0119 dla zdrowia i szcz\u0119\u015bcia. Najlepiej, \u017ceby by\u0142 to ruch na \u015bwie\u017cym powietrzu, tak by przy okazji mo\u017cna by\u0142o z\u0142apa\u0107 troch\u0119 s\u0142onecznych promienie, ale ka\u017cdy jest dobry dla samopoczucia. Z tego powodu specjali\u015bci zalecaj\u0105 codzienne spacery:-energiczny marsz pozwoli skorzysta\u0107 z niewielkiej ilo\u015bci s\u0142o\u0144ca i pobudzi organizm do wydzielania endorfin. Sport chroni te\u017c przed zimowym skapcanieniem. \u015awiadomo\u015b\u0107, \u017ce cz\u0142owiek zrobi\u0142 co\u015b dobrego dla siebie, zadba\u0142 o form\u0119 i, co tu ukrywa\u0107, sylwetk\u0119 skutecznie odgania niekt\u00f3re z czarnych my\u015bli. Bezczynno\u015b\u0107, herbatka, ciep\u0142y koc kusz\u0105, ale uczucie zamieniania si\u0119 w bezkszta\u0142tn\u0105, galaretowat\u0105 mas\u0119 nie s\u0142u\u017cy dobremu samopoczuciu.<\/p>\n<h2 style=\"text-align: center;\">Krok trzeci &#8211; wy\u015bpij si\u0119<\/h2>\n<p style=\"text-align: justify;\">Zaburzenia snu przyczyniaj\u0105 si\u0119 do powstawania zimowej depresji. Zadbaj o w\u0142a\u015bciw\u0105 ilo\u015b\u0107 snu. Stw\u00f3rz codzienn\u0105 rutyn\u0119 zasypiania, wyznacz sobie okre\u015blone pory k\u0142adzenia si\u0119 spa\u0107 oraz wstawania, organizm z czasem si\u0119 przystosuje. Co najmniej na p\u00f3\u0142 godziny przez snem odetnij wszystkie \u017ar\u00f3d\u0142a niebieskiego \u015bwiat\u0142a. Wy\u0142\u0105cz telewizor i komputer i wycisz si\u0119 : poczytaj tradycyjn\u0105 ksi\u0105\u017ck\u0119, pomedytuj, zr\u00f3b kilka \u0142agodnych \u0107wicze\u0144 rozci\u0105gaj\u0105cych, porysuj.<\/p>\n<h2 style=\"text-align: center;\">Krok czwarty &#8211; najedz si\u0119<\/h2>\n<p style=\"text-align: justify;\">Brak witamin i mikroelement\u00f3w nasila objawy depresji zimowej. Od dawno wiadomo,\u017ce jedzenie mo\u017ce poprawia\u0107 nastr\u00f3j. Nie znaczy to, \u017ce mo\u017cesz bezkarnie opycha\u0107 si\u0119 czekolad\u0105 i czipsami. Rozs\u0105dna ilo\u015b\u0107 gorzkiej czekolady nie zaszkodzi, ale si\u0119gajmy przede wszystkim w produkty bogate w witaminy A, C, E, B, D, cynk, selen, magnez i \u017celazo. Badania wykazuj\u0105, \u017ce w zwalczaniu objaw\u00f3w depresji mog\u0105 pom\u00f3c kwasy t\u0142uszczowe Omega 3. Rozsmakuj si\u0119 wi\u0119c w rybach, olejach ro\u015blinnych, pestkach dyni i s\u0142onecznika.<\/p>\n<h2 style=\"text-align: center;\">Krok pi\u0105ty &#8211; nie do\u0142uj si\u0119<\/h2>\n<p style=\"text-align: justify;\">Pierwszy przyznam, \u017ce w pogarszaniu swego stanu za pomoc\u0105 smutnej muzyki, ciemnych kolor\u00f3w i dekadenckiej sztuki tkwi pewna perwersyjna przyjemno\u015b\u0107. Jednak je\u015bli jeste\u015b podatny na depresj\u0119 zimow\u0105 s\u0142uchaj w tym okresie energetycznych utwor\u00f3w, otaczaj si\u0119 \u017cywymi kolorami i ukryj album z dzie\u0142ami Beksi\u0144skiego.<\/p>\n","protected":false},"excerpt":{"rendered":"<p>W listopadzie i grudniu, gdy przybiera barw\u0119 o\u0142owiu, a z komin\u00f3w wydobywa si\u0119 gryz\u0105cy dym ze wszystkich stron atakuje mnie smutek istnienia. Klasyczny, ksi\u0105\u017ckowy Weltschmerz: nic mi si\u0119 nie chce, wszystko jest bez sensu, gdybym m\u00f3g\u0142 ca\u0142ymi dniami ogl\u0105da\u0142bym reprodukcje<\/p>\n","protected":false},"author":2,"featured_media":852,"comment_status":"open","ping_status":"open","sticky":false,"template":"","format":"standard","meta":{"_monsterinsights_skip_tracking":false,"_monsterinsights_sitenote_active":false,"_monsterinsights_sitenote_note":"","_monsterinsights_sitenote_category":0},"categories":[3],"tags":[],"yoast_head":"<!-- This site is optimized with the Yoast SEO plugin v16.0.2 - https:\/\/yoast.com\/wordpress\/plugins\/seo\/ -->\n<title>Winter is coming - zimowa depresja | Kr\u00f3l Czasu<\/title>\n<meta name=\"robots\" content=\"index, follow, max-snippet:-1, max-image-preview:large, max-video-preview:-1\" \/>\n<link rel=\"canonical\" href=\"https:\/\/krolczasu.pl\/blog\/winter-is-coming-zimowa-depresja\/\" \/>\n<meta property=\"og:locale\" content=\"pl_PL\" \/>\n<meta property=\"og:type\" content=\"article\" \/>\n<meta property=\"og:title\" content=\"Winter is coming - zimowa depresja | Kr\u00f3l Czasu\" \/>\n<meta property=\"og:description\" content=\"W listopadzie i grudniu, gdy przybiera barw\u0119 o\u0142owiu, a z komin\u00f3w wydobywa si\u0119 gryz\u0105cy dym ze wszystkich stron atakuje mnie smutek istnienia. Klasyczny, ksi\u0105\u017ckowy Weltschmerz: nic mi si\u0119 nie chce, wszystko jest bez sensu, gdybym m\u00f3g\u0142 ca\u0142ymi dniami ogl\u0105da\u0142bym reprodukcje\" \/>\n<meta property=\"og:url\" content=\"https:\/\/krolczasu.pl\/blog\/winter-is-coming-zimowa-depresja\/\" \/>\n<meta property=\"og:site_name\" content=\"Planowanie \u017cycia i zarz\u0105dzanie czasem\" \/>\n<meta property=\"article:published_time\" content=\"2018-12-17T19:30:04+00:00\" \/>\n<meta property=\"article:modified_time\" content=\"2018-12-13T15:07:03+00:00\" \/>\n<meta property=\"og:image\" content=\"https:\/\/krolczasu.pl\/blog\/wp-content\/uploads\/2018\/12\/zimowa-depresja.jpg\" \/>\n\t<meta property=\"og:image:width\" content=\"1280\" \/>\n\t<meta property=\"og:image:height\" content=\"720\" \/>\n<meta name=\"twitter:card\" content=\"summary\" \/>\n<meta name=\"twitter:label1\" content=\"Szacowany czas czytania\">\n\t<meta name=\"twitter:data1\" content=\"5 minut\">\n<script type=\"application\/ld+json\" class=\"yoast-schema-graph\">{\"@context\":\"https:\/\/schema.org\",\"@graph\":[{\"@type\":\"WebSite\",\"@id\":\"https:\/\/krolczasu.pl\/blog\/#website\",\"url\":\"https:\/\/krolczasu.pl\/blog\/\",\"name\":\"Planowanie \\u017cycia i zarz\\u0105dzanie czasem\",\"description\":\"Metody planowania i organizacji czasu.\",\"potentialAction\":[{\"@type\":\"SearchAction\",\"target\":\"https:\/\/krolczasu.pl\/blog\/?s={search_term_string}\",\"query-input\":\"required name=search_term_string\"}],\"inLanguage\":\"pl-PL\"},{\"@type\":\"ImageObject\",\"@id\":\"https:\/\/krolczasu.pl\/blog\/winter-is-coming-zimowa-depresja\/#primaryimage\",\"inLanguage\":\"pl-PL\",\"url\":\"https:\/\/krolczasu.pl\/blog\/wp-content\/uploads\/2018\/12\/zimowa-depresja.jpg\",\"width\":1280,\"height\":720,\"caption\":\"zimowa depresja\"},{\"@type\":\"WebPage\",\"@id\":\"https:\/\/krolczasu.pl\/blog\/winter-is-coming-zimowa-depresja\/#webpage\",\"url\":\"https:\/\/krolczasu.pl\/blog\/winter-is-coming-zimowa-depresja\/\",\"name\":\"Winter is coming - zimowa depresja | Kr\\u00f3l Czasu\",\"isPartOf\":{\"@id\":\"https:\/\/krolczasu.pl\/blog\/#website\"},\"primaryImageOfPage\":{\"@id\":\"https:\/\/krolczasu.pl\/blog\/winter-is-coming-zimowa-depresja\/#primaryimage\"},\"datePublished\":\"2018-12-17T19:30:04+00:00\",\"dateModified\":\"2018-12-13T15:07:03+00:00\",\"author\":{\"@id\":\"https:\/\/krolczasu.pl\/blog\/#\/schema\/person\/1bf4d837064585634f1242c98cd8f8c1\"},\"breadcrumb\":{\"@id\":\"https:\/\/krolczasu.pl\/blog\/winter-is-coming-zimowa-depresja\/#breadcrumb\"},\"inLanguage\":\"pl-PL\",\"potentialAction\":[{\"@type\":\"ReadAction\",\"target\":[\"https:\/\/krolczasu.pl\/blog\/winter-is-coming-zimowa-depresja\/\"]}]},{\"@type\":\"BreadcrumbList\",\"@id\":\"https:\/\/krolczasu.pl\/blog\/winter-is-coming-zimowa-depresja\/#breadcrumb\",\"itemListElement\":[{\"@type\":\"ListItem\",\"position\":1,\"item\":{\"@type\":\"WebPage\",\"@id\":\"https:\/\/krolczasu.pl\/blog\/\",\"url\":\"https:\/\/krolczasu.pl\/blog\/\",\"name\":\"Strona g\\u0142\\u00f3wna\"}},{\"@type\":\"ListItem\",\"position\":2,\"item\":{\"@type\":\"WebPage\",\"@id\":\"https:\/\/krolczasu.pl\/blog\/winter-is-coming-zimowa-depresja\/\",\"url\":\"https:\/\/krolczasu.pl\/blog\/winter-is-coming-zimowa-depresja\/\",\"name\":\"Winter is coming &#8211; zimowa depresja\"}}]},{\"@type\":\"Person\",\"@id\":\"https:\/\/krolczasu.pl\/blog\/#\/schema\/person\/1bf4d837064585634f1242c98cd8f8c1\",\"name\":\"krol\",\"image\":{\"@type\":\"ImageObject\",\"@id\":\"https:\/\/krolczasu.pl\/blog\/#personlogo\",\"inLanguage\":\"pl-PL\",\"url\":\"https:\/\/secure.gravatar.com\/avatar\/452a24a1458c17b4418d07ce93dadb99?s=96&d=mm&r=g\",\"caption\":\"krol\"}}]}<\/script>\n<!-- \/ Yoast SEO plugin. -->","_links":{"self":[{"href":"https:\/\/krolczasu.pl\/blog\/wp-json\/wp\/v2\/posts\/851"}],"collection":[{"href":"https:\/\/krolczasu.pl\/blog\/wp-json\/wp\/v2\/posts"}],"about":[{"href":"https:\/\/krolczasu.pl\/blog\/wp-json\/wp\/v2\/types\/post"}],"author":[{"embeddable":true,"href":"https:\/\/krolczasu.pl\/blog\/wp-json\/wp\/v2\/users\/2"}],"replies":[{"embeddable":true,"href":"https:\/\/krolczasu.pl\/blog\/wp-json\/wp\/v2\/comments?post=851"}],"version-history":[{"count":1,"href":"https:\/\/krolczasu.pl\/blog\/wp-json\/wp\/v2\/posts\/851\/revisions"}],"predecessor-version":[{"id":853,"href":"https:\/\/krolczasu.pl\/blog\/wp-json\/wp\/v2\/posts\/851\/revisions\/853"}],"wp:featuredmedia":[{"embeddable":true,"href":"https:\/\/krolczasu.pl\/blog\/wp-json\/wp\/v2\/media\/852"}],"wp:attachment":[{"href":"https:\/\/krolczasu.pl\/blog\/wp-json\/wp\/v2\/media?parent=851"}],"wp:term":[{"taxonomy":"category","embeddable":true,"href":"https:\/\/krolczasu.pl\/blog\/wp-json\/wp\/v2\/categories?post=851"},{"taxonomy":"post_tag","embeddable":true,"href":"https:\/\/krolczasu.pl\/blog\/wp-json\/wp\/v2\/tags?post=851"}],"curies":[{"name":"wp","href":"https:\/\/api.w.org\/{rel}","templated":true}]}}