{"id":916,"date":"2019-02-28T20:30:16","date_gmt":"2019-02-28T19:30:16","guid":{"rendered":"https:\/\/krolczasu.pl\/blog\/?p=916"},"modified":"2019-02-06T17:00:18","modified_gmt":"2019-02-06T16:00:18","slug":"modne-trendy-a-produktywnosc","status":"publish","type":"post","link":"https:\/\/krolczasu.pl\/blog\/modne-trendy-a-produktywnosc\/","title":{"rendered":"Modne trendy a produktywno\u015b\u0107"},"content":{"rendered":"<p style=\"text-align: justify;\"><img loading=\"lazy\" class=\"aligncenter size-full wp-image-917\" src=\"https:\/\/krolczasu.pl\/blog\/wp-content\/uploads\/2019\/02\/modne-trendy.jpg\" alt=\"modne trendy\" width=\"1280\" height=\"780\" srcset=\"https:\/\/krolczasu.pl\/blog\/wp-content\/uploads\/2019\/02\/modne-trendy.jpg 1280w, https:\/\/krolczasu.pl\/blog\/wp-content\/uploads\/2019\/02\/modne-trendy-300x183.jpg 300w, https:\/\/krolczasu.pl\/blog\/wp-content\/uploads\/2019\/02\/modne-trendy-768x468.jpg 768w, https:\/\/krolczasu.pl\/blog\/wp-content\/uploads\/2019\/02\/modne-trendy-1024x624.jpg 1024w\" sizes=\"(max-width: 1280px) 100vw, 1280px\" \/><\/p>\n<p style=\"text-align: justify;\">Co jaki\u015b czas pierwszy \u015bwiat odkrywa odpowied\u017a na odwieczne pytanie :&#8221;Jak \u017cy\u0107&#8221;. Modne trendy traktuj\u0119 jak pole pe\u0142ne pokrzyw: nie zbli\u017cam si\u0119, nie dotykam, nie w\u0105cham. Dopiero, gdy kto\u015b z podejrzanej ro\u015bliny zrobi co\u015b sensownego ostro\u017cnie dopuszczam do siebie my\u015bl, \u017ce w aktualnie popularnym trendzie mo\u017ce tkwi\u0107 co\u015b wi\u0119cej opr\u00f3cz komercji.<!--more--><\/p>\n<p style=\"text-align: justify;\">Przychylniej traktuj\u0119 mody, kt\u00f3re w jaki\u015b spos\u00f3b rezonuj\u0105 z moj\u0105 filozofi\u0105 \u017cycia, ale nawet one irytuj\u0105 mnie nad\u0119ciem, fanatyzmem swoich zwolennik\u00f3w, snobizmem i drenuj\u0105cymi konto mechanizmami. Nawet ruch no waste w sprytny spos\u00f3b potrafi uszczupli\u0107 portfele. Jednak kilka z tych trend\u00f3w pomog\u0142o mi przeorganizowa\u0107 swoje \u017cycie, zaoszcz\u0119dzi\u0107 czas lub pieni\u0105dze. Nie identyfikuj\u0119 si\u0119 z \u017cadn\u0105 ideologi\u0105, ale po\u017cyczy\u0142em sobie elementy niekt\u00f3rych z nich.<\/p>\n<h2 style=\"text-align: center;\">Modne trendy, kt\u00f3re mi si\u0119 przyda\u0142y<\/h2>\n<p style=\"text-align: justify;\"><strong>Minimalizm<\/strong><\/p>\n<p style=\"text-align: justify;\">Modna od kilku lat ideologia ta wsp\u00f3\u0142gra z moim wewn\u0119trznym przekonaniem, \u017ce skuteczne zarz\u0105dzanie sob\u0105 w czasie polega na odejmowaniu zada\u0144, upraszczaniu metod i optymalizowaniu. Trend d\u0105\u017c\u0105cy do zachowania umiaru, rugowania z \u017cycia zb\u0119dnych element\u00f3w, dobrowolnego samoograniczania si\u0119 bardzo mi odpowiada, o ile rzeczywi\u015bcie jest d\u0105\u017ceniem do prostoty. Mierzi mnie licytacja, kto posiada mniej przedmiot\u00f3w. Nie chc\u0119 wyrzuca\u0107 nadal przydatnych rzeczy tylko dlatego, \u017ceby mie\u0107 mniej. Rozs\u0105dny wym\u00f3g oszcz\u0119dzania na dobr\u0105 jako\u015b\u0107 zbyt cz\u0119sto, jak na m\u00f3j gust, stanowi przykrywk\u0119 dla snobizmu.<\/p>\n<p style=\"text-align: justify;\">Jednak minimalizm da\u0142 mi kilka korzy\u015bci:<br \/>\n\u2013 utwierdzi\u0142 w przekonaniu o s\u0142uszno\u015bci w\u0142asnego podej\u015bcia do organizacji czasu,<br \/>\n\u2013 przekona\u0142 do kupowania mo\u017cliwie wielofunkcyjnych sprz\u0119t\u00f3w. Jak si\u0119 okaza\u0142o, wi\u0119cej wolnej przestrzeni oznacza mniej sprz\u0105tania, czyli wi\u0119cej czasu dla mnie,<br \/>\n\u2013 umocni\u0142, wyniesione z domu przekonanie, o konieczno\u015bci rozwa\u017cnego robienia zakup\u00f3w, pod wp\u0142ywem minimalizmu, przed kupieniem czegokolwiek d\u0142ugo zastanawiam si\u0119, czy naprawd\u0119 powinienem, nigdy nie by\u0142em specjalnie rozrzutny, ale minimalistyczne podej\u015bcie do zakup\u00f3w pomog\u0142o mi powi\u0119kszy\u0107 oszcz\u0119dno\u015bci, a tak\u017ce uchroni\u0142o przed zagracaniem mieszkania. Mniej rzeczy, mniej sprz\u0105tania, wi\u0119cej czasu. Sta\u0142em si\u0119 fanem tej zale\u017cno\u015bci.<br \/>\n\u2013 wzmocni\u0142 nawyk brania pod uwag\u0119 ekologii.<\/p>\n<p style=\"text-align: justify;\">Pod wp\u0142ywem minimalizmu przed kupieniem staram si\u0119 bra\u0107 pod uwag\u0119 mo\u017cliwo\u015b\u0107 po\u017cyczenia czego\u015b lub wymiany, mimo \u017ce nadal uwa\u017cam, \u017ce kategoryczne powstrzymywanie si\u0119 od kupowania jest form\u0105 przenoszenia koszt\u00f3w na kogo\u015b innego. To \u017ce nie ja ponosz\u0119 wydatki, nie oznacza, \u017ce co\u015b jest za darmo. To s\u0105siad zap\u0142aci\u0142 za wiertark\u0119, kt\u00f3rej u\u017cy\u0142em podczas remontu swojego mieszkania. Bez skrupu\u0142\u00f3w poprosi\u0142em go o sprz\u0119t, ale te\u017c znalaz\u0142em spos\u00f3b, by si\u0119 odwdzi\u0119czy\u0107. Koncepcja korzystania z d\u00f3br zgromadzonych przez innych bywa form\u0105 paso\u017cytowania.<\/p>\n<p style=\"text-align: justify;\"><strong>No waste<\/strong><\/p>\n<p style=\"text-align: justify;\">Modny ostatnio trend, kt\u00f3rego od jakiego\u015b czasu jestem nie\u015bwiadomym i do\u015b\u0107 niekonsekwentnym or\u0119downikiem, zacz\u0105\u0142em eksploatowa\u0107 pod wp\u0142ywem swojej dziewczyny. Koncepcja nie zostawiania po sobie \u015bmieci, zu\u017cywania wszystkiego, co si\u0119 da, pasuje do moich pogl\u0105d\u00f3w na temat ekologii i niech\u0119ci do marnotrawstwa. Nadal zostawiam po sobie zbyt wiele resztek, ale zwolennicy no watse podpowiedzieli mi jak ograniczy\u0107 liczb\u0119 opakowa\u0144, wykorzysta\u0107 resztki warzyw i owoc\u00f3w. Okaza\u0142o si\u0119, \u017ce nieco inny spos\u00f3b robienia zakup\u00f3w daje spore korzy\u015bci finansowe, a wykorzystanie resztek, brak zb\u0119dnych opakowa\u0144 u\u0142atwiaj\u0105 utrzymanie porz\u0105dku w domu. Bardzo lubi\u0119, oszcz\u0119dza\u0107 czas na sprz\u0105taniu.<\/p>\n<p style=\"text-align: justify;\">By zostawia\u0107 mniej resztek:<br \/>\n\u2013 zakupy pakuj\u0119 do p\u0142\u00f3ciennej torby,<br \/>\n\u2013 jak najwi\u0119cej kupuj\u0119 na wag\u0119: owoce, warzywa, bakalie, kasze, kaw\u0119, herbat\u0119, myd\u0142o.<br \/>\n\u2013 nie robi\u0119 zakup\u00f3w na zapas, w ca\u0142o\u015bci wykorzystuj\u0119 produkty: z natki pietruszki, selera, a nawet marchwi mo\u017cna zrobi\u0107 pesto, g\u0142\u0105b kalafiora czy broku\u0142\u00f3w wrzuci\u0107 do zupy itd. Internet pe\u0142en jest pomys\u0142\u00f3w<br \/>\n\u2013 nie drukuj\u0119 bilet\u00f3w,<br \/>\n\u2013 coraz cz\u0119\u015bciej sprz\u0105tam przy u\u017cyciu octu i sody,<br \/>\n\u2013 bardziej dbam o posiadane rzeczy,<br \/>\n\u2013 zaopatrzy\u0142em si\u0119 w dzbanek z filtrem i nie kupuj\u0119 wody mineralnej w butelkach,<br \/>\n\u2013 na imprezy w plenerze zabieram porcelanowe talerze i normalne sztu\u0107ce. W tym wypadku dobro Ziemi przewa\u017cy\u0142o nad lenistwem. Nie ma co ukrywa\u0107, \u017ce papierowe lub plastikowe naczynia, kt\u00f3rych nie trzeba my\u0107, s\u0105 o wiele wygodniejsze.<\/p>\n<p style=\"text-align: justify;\"><strong>Slow life<\/strong><\/p>\n<p style=\"text-align: justify;\">Kolejny modny trend, kt\u00f3ry pasuje do mojej wizji \u017cycia. Podoba mi si\u0119 zdroworozs\u0105dkowe podej\u015bcie do pracy i wypoczynku, chocia\u017c nie ze wszystkimi za\u0142o\u017ceniami tego ruchu si\u0119 zgadzam. Slow life przydaje si\u0119 w poszukiwaniu r\u00f3wnowagi pomi\u0119dzy prac\u0105, a \u017cyciem prywatnym. Uczy dba\u0142o\u015bci o w\u0142asne potrzeby, rozs\u0105dnego podej\u015bcia do zakup\u00f3w (znowu), planowania czasu. Pod wp\u0142ywem slow life zacz\u0105\u0142em:<br \/>\n\u2013 zwraca\u0107 wi\u0119ksz\u0105 uwag\u0119 na jako\u015b\u0107 posiadanych rzeczy,<br \/>\n\u2013 cz\u0119\u015bciej przygotowywa\u0107 posi\u0142ki w domu, wprawdzie jest to raczej co\u015b z cyklu &#8220;slow fast food&#8221; ni\u017c obiad w pi\u0119ciogwiazdkowej restauracji, ale wiem, co w\u0142o\u017cy\u0142em do garnka,<br \/>\n\u2013 zacz\u0105\u0142em rygorystycznie przestrzega\u0107 zasady planowania czasu dla siebie. Przedtem te\u017c planowa\u0142em, ale cz\u0119sto ko\u0144czy\u0142o si\u0119 na tym, \u017ce w teoretycznie wolnym czasie zajmowa\u0142em si\u0119 prac\u0105,<br \/>\n\u2013 wyd\u0142u\u017cy\u0142em czas snu,<br \/>\n\u2013 by unikn\u0105\u0107 przeci\u0105\u017cenia czasem, zacz\u0105\u0142em bardziej realistycznie szacowa\u0107 czas, kt\u00f3ry mi zajm\u0105 poszczeg\u00f3lne zadania<\/p>\n<h2 style=\"text-align: center;\">Esencjonalizm<\/h2>\n<p style=\"text-align: justify;\">Trudne s\u0142owo opisuj\u0105ce modny ostatnio trend do skupienia si\u0119 na najbardziej warto\u015bciowych aspektach \u017cycia. Tych , kt\u00f3re daj\u0105 80% efekt\u00f3w, odrzuceniu wszystkiego, co mia\u0142kie i bezu\u017cyteczne. Pod wp\u0142ywem tej koncepcji zacz\u0105\u0142em baczniej przygl\u0105da\u0107 si\u0119 swoim dzia\u0142aniom. Teraz jestem w stanie okre\u015bli\u0107, kt\u00f3re mnie uszcz\u0119\u015bliwiaj\u0105, zapewniaj\u0105 \u015brodki do \u017cycia lub pozbawiaj\u0105 czasu na bardziej istotne aktywno\u015bci. Od dawna mia\u0142em ochot\u0119 ograniczy\u0107 czas online, ale nie wiedzia\u0142em jak to zrobi\u0107. Popularny ostatnio esencjonalizm zmotywowa\u0142 mnie do wyznaczenia sobie dnia bez internetu a tak\u017ce wi\u0119kszej dba\u0142o\u015bci o relacje z wa\u017cnymi dla mnie osobami.<\/p>\n","protected":false},"excerpt":{"rendered":"<p>Co jaki\u015b czas pierwszy \u015bwiat odkrywa odpowied\u017a na odwieczne pytanie :&#8221;Jak \u017cy\u0107&#8221;. Modne trendy traktuj\u0119 jak pole pe\u0142ne pokrzyw: nie zbli\u017cam si\u0119, nie dotykam, nie w\u0105cham. Dopiero, gdy kto\u015b z podejrzanej ro\u015bliny zrobi co\u015b sensownego ostro\u017cnie dopuszczam do siebie my\u015bl,<\/p>\n","protected":false},"author":2,"featured_media":917,"comment_status":"open","ping_status":"open","sticky":false,"template":"","format":"standard","meta":{"_monsterinsights_skip_tracking":false,"_monsterinsights_sitenote_active":false,"_monsterinsights_sitenote_note":"","_monsterinsights_sitenote_category":0},"categories":[9],"tags":[],"yoast_head":"<!-- This site is optimized with the Yoast SEO plugin v16.0.2 - https:\/\/yoast.com\/wordpress\/plugins\/seo\/ -->\n<title>Modne trendy a produktywno\u015b\u0107 | Kr\u00f3l Czasu<\/title>\n<meta name=\"robots\" content=\"index, follow, max-snippet:-1, max-image-preview:large, max-video-preview:-1\" \/>\n<link rel=\"canonical\" href=\"https:\/\/krolczasu.pl\/blog\/modne-trendy-a-produktywnosc\/\" \/>\n<meta property=\"og:locale\" content=\"pl_PL\" \/>\n<meta property=\"og:type\" content=\"article\" \/>\n<meta property=\"og:title\" content=\"Modne trendy a produktywno\u015b\u0107 | Kr\u00f3l Czasu\" \/>\n<meta property=\"og:description\" content=\"Co jaki\u015b czas pierwszy \u015bwiat odkrywa odpowied\u017a na odwieczne pytanie :&#8221;Jak \u017cy\u0107&#8221;. Modne trendy traktuj\u0119 jak pole pe\u0142ne pokrzyw: nie zbli\u017cam si\u0119, nie dotykam, nie w\u0105cham. Dopiero, gdy kto\u015b z podejrzanej ro\u015bliny zrobi co\u015b sensownego ostro\u017cnie dopuszczam do siebie my\u015bl,\" \/>\n<meta property=\"og:url\" content=\"https:\/\/krolczasu.pl\/blog\/modne-trendy-a-produktywnosc\/\" \/>\n<meta property=\"og:site_name\" content=\"Planowanie \u017cycia i zarz\u0105dzanie czasem\" \/>\n<meta property=\"article:published_time\" content=\"2019-02-28T19:30:16+00:00\" \/>\n<meta property=\"article:modified_time\" content=\"2019-02-06T16:00:18+00:00\" \/>\n<meta property=\"og:image\" content=\"https:\/\/krolczasu.pl\/blog\/wp-content\/uploads\/2019\/02\/modne-trendy.jpg\" \/>\n\t<meta property=\"og:image:width\" content=\"1280\" \/>\n\t<meta property=\"og:image:height\" content=\"780\" \/>\n<meta name=\"twitter:card\" content=\"summary\" \/>\n<meta name=\"twitter:label1\" content=\"Szacowany czas czytania\">\n\t<meta name=\"twitter:data1\" content=\"5 minut\">\n<script type=\"application\/ld+json\" class=\"yoast-schema-graph\">{\"@context\":\"https:\/\/schema.org\",\"@graph\":[{\"@type\":\"WebSite\",\"@id\":\"https:\/\/krolczasu.pl\/blog\/#website\",\"url\":\"https:\/\/krolczasu.pl\/blog\/\",\"name\":\"Planowanie \\u017cycia i zarz\\u0105dzanie czasem\",\"description\":\"Metody planowania i organizacji czasu.\",\"potentialAction\":[{\"@type\":\"SearchAction\",\"target\":\"https:\/\/krolczasu.pl\/blog\/?s={search_term_string}\",\"query-input\":\"required name=search_term_string\"}],\"inLanguage\":\"pl-PL\"},{\"@type\":\"ImageObject\",\"@id\":\"https:\/\/krolczasu.pl\/blog\/modne-trendy-a-produktywnosc\/#primaryimage\",\"inLanguage\":\"pl-PL\",\"url\":\"https:\/\/krolczasu.pl\/blog\/wp-content\/uploads\/2019\/02\/modne-trendy.jpg\",\"width\":1280,\"height\":780,\"caption\":\"modne trendy\"},{\"@type\":\"WebPage\",\"@id\":\"https:\/\/krolczasu.pl\/blog\/modne-trendy-a-produktywnosc\/#webpage\",\"url\":\"https:\/\/krolczasu.pl\/blog\/modne-trendy-a-produktywnosc\/\",\"name\":\"Modne trendy a produktywno\\u015b\\u0107 | Kr\\u00f3l Czasu\",\"isPartOf\":{\"@id\":\"https:\/\/krolczasu.pl\/blog\/#website\"},\"primaryImageOfPage\":{\"@id\":\"https:\/\/krolczasu.pl\/blog\/modne-trendy-a-produktywnosc\/#primaryimage\"},\"datePublished\":\"2019-02-28T19:30:16+00:00\",\"dateModified\":\"2019-02-06T16:00:18+00:00\",\"author\":{\"@id\":\"https:\/\/krolczasu.pl\/blog\/#\/schema\/person\/1bf4d837064585634f1242c98cd8f8c1\"},\"breadcrumb\":{\"@id\":\"https:\/\/krolczasu.pl\/blog\/modne-trendy-a-produktywnosc\/#breadcrumb\"},\"inLanguage\":\"pl-PL\",\"potentialAction\":[{\"@type\":\"ReadAction\",\"target\":[\"https:\/\/krolczasu.pl\/blog\/modne-trendy-a-produktywnosc\/\"]}]},{\"@type\":\"BreadcrumbList\",\"@id\":\"https:\/\/krolczasu.pl\/blog\/modne-trendy-a-produktywnosc\/#breadcrumb\",\"itemListElement\":[{\"@type\":\"ListItem\",\"position\":1,\"item\":{\"@type\":\"WebPage\",\"@id\":\"https:\/\/krolczasu.pl\/blog\/\",\"url\":\"https:\/\/krolczasu.pl\/blog\/\",\"name\":\"Strona g\\u0142\\u00f3wna\"}},{\"@type\":\"ListItem\",\"position\":2,\"item\":{\"@type\":\"WebPage\",\"@id\":\"https:\/\/krolczasu.pl\/blog\/modne-trendy-a-produktywnosc\/\",\"url\":\"https:\/\/krolczasu.pl\/blog\/modne-trendy-a-produktywnosc\/\",\"name\":\"Modne trendy a produktywno\\u015b\\u0107\"}}]},{\"@type\":\"Person\",\"@id\":\"https:\/\/krolczasu.pl\/blog\/#\/schema\/person\/1bf4d837064585634f1242c98cd8f8c1\",\"name\":\"krol\",\"image\":{\"@type\":\"ImageObject\",\"@id\":\"https:\/\/krolczasu.pl\/blog\/#personlogo\",\"inLanguage\":\"pl-PL\",\"url\":\"https:\/\/secure.gravatar.com\/avatar\/452a24a1458c17b4418d07ce93dadb99?s=96&d=mm&r=g\",\"caption\":\"krol\"}}]}<\/script>\n<!-- \/ Yoast SEO plugin. -->","_links":{"self":[{"href":"https:\/\/krolczasu.pl\/blog\/wp-json\/wp\/v2\/posts\/916"}],"collection":[{"href":"https:\/\/krolczasu.pl\/blog\/wp-json\/wp\/v2\/posts"}],"about":[{"href":"https:\/\/krolczasu.pl\/blog\/wp-json\/wp\/v2\/types\/post"}],"author":[{"embeddable":true,"href":"https:\/\/krolczasu.pl\/blog\/wp-json\/wp\/v2\/users\/2"}],"replies":[{"embeddable":true,"href":"https:\/\/krolczasu.pl\/blog\/wp-json\/wp\/v2\/comments?post=916"}],"version-history":[{"count":1,"href":"https:\/\/krolczasu.pl\/blog\/wp-json\/wp\/v2\/posts\/916\/revisions"}],"predecessor-version":[{"id":918,"href":"https:\/\/krolczasu.pl\/blog\/wp-json\/wp\/v2\/posts\/916\/revisions\/918"}],"wp:featuredmedia":[{"embeddable":true,"href":"https:\/\/krolczasu.pl\/blog\/wp-json\/wp\/v2\/media\/917"}],"wp:attachment":[{"href":"https:\/\/krolczasu.pl\/blog\/wp-json\/wp\/v2\/media?parent=916"}],"wp:term":[{"taxonomy":"category","embeddable":true,"href":"https:\/\/krolczasu.pl\/blog\/wp-json\/wp\/v2\/categories?post=916"},{"taxonomy":"post_tag","embeddable":true,"href":"https:\/\/krolczasu.pl\/blog\/wp-json\/wp\/v2\/tags?post=916"}],"curies":[{"name":"wp","href":"https:\/\/api.w.org\/{rel}","templated":true}]}}